{"id":199,"date":"2025-09-19T08:23:19","date_gmt":"2025-09-19T06:23:19","guid":{"rendered":"https:\/\/www.artiaconsultores.com\/blog\/?p=199"},"modified":"2025-09-19T08:28:45","modified_gmt":"2025-09-19T06:28:45","slug":"estas-proximo-a-la-jubilacion-y-quieres-vender-tu-empresa","status":"publish","type":"post","link":"https:\/\/www.artiaconsultores.com\/blog\/estas-proximo-a-la-jubilacion-y-quieres-vender-tu-empresa\/","title":{"rendered":"\u00bfEst\u00e1s pr\u00f3ximo a la jubilaci\u00f3n y quieres vender tu empresa?"},"content":{"rendered":"<p>Despu\u00e9s de toda una vida dedicada a construir, consolidar y hacer crecer tu empresa, llega el momento de plantearse el futuro. Muchos empresarios en edad pr\u00f3xima a la jubilaci\u00f3n se enfrentan hoy a una situaci\u00f3n cada vez m\u00e1s com\u00fan: no contar con un relevo generacional claro, ni familiar ni en su equipo directivo. Esta realidad plantea una gran pregunta: <strong>\u00bfqu\u00e9 hacer con la empresa?<\/strong><\/p>\n<p>Desde <strong>Artia<\/strong> hemos podido acompa\u00f1ar a muchos empresarios en este momento tan crucial. Sabemos que no se trata solo de cerrar una etapa, sino de asegurar que el valor construido durante a\u00f1os tenga continuidad y proyecci\u00f3n. <strong>Vender la empresa<\/strong> puede ser una perfecta alternativa, tanto desde el punto de vista econ\u00f3mico como emocional, si se gestiona con el rigor y el acompa\u00f1amiento adecuado.<\/p>\n<h2>\u00bfC\u00f3mo podemos ayudarte desde Artia?<\/h2>\n<ol>\n<li><strong>Conocer el valor real de tu empresa<\/strong>. Antes de tomar cualquier decisi\u00f3n, es esencial saber cu\u00e1nto vale realmente tu negocio. En Artia realizamos valoraciones t\u00e9cnicas y metodol\u00f3gicas que te permiten contar con un valor compa\u00f1\u00eda objetivo como una base s\u00f3lida sobre la que negociar.<\/li>\n<li><strong>Elaborar un Infomemo de la compa\u00f1\u00eda<\/strong>. Este documento es clave para presentar tu empresa de forma clara, estructurada y atractiva ante posibles compradores. Nuestro equipo se encarga de preparar este dossier, destacando el potencial de tu compa\u00f1\u00eda, su proyecci\u00f3n econ\u00f3mico-financiera, sus recursos y sus ventajas competitivas.<\/li>\n<li><strong>Buscar y contactar con potenciales compradores<\/strong>. Gracias a nuestra experiencia en transacciones corporativas, tenemos acceso a inversores, grupos empresariales y fondos que pueden estar interesados en adquirir empresas en tu sector. Nos encargamos de todo el proceso de b\u00fasqueda, filtrado y contacto.<\/li>\n<li><strong>Acompa\u00f1arte en la negociaci\u00f3n<\/strong>. Si ya cuentas con un comprador potencial o quieres avanzar en la transacci\u00f3n, desde Artia podemos ayudarte en todo el proceso de negociaci\u00f3n: desde el an\u00e1lisis de la oferta hasta el cierre del acuerdo, protegiendo tus intereses y aportando visi\u00f3n financiera y de estrategia patrimonial.<\/li>\n<\/ol>\n<h2>Una transici\u00f3n bien gestionada es una oportunidad<\/h2>\n<p>Vender tu empresa es poner en valor el trabajo de toda una vida y asegurar su <strong>continuidad con garant\u00edas<\/strong>. En <strong>Artia<\/strong> trabajamos contigo desde la cercan\u00eda y el rigor para que esta transici\u00f3n se convierta en una oportunidad tanto para ti como para tu empresa.<\/p>\n<p>Si est\u00e1s pr\u00f3ximo a la jubilaci\u00f3n y quieres explorar esta posibilidad, habla con nosotros. Podemos ayudarte.<\/p>\n","protected":false},"excerpt":{"rendered":"<p>Despu\u00e9s de toda una vida dedicada a construir, consolidar y hacer crecer tu empresa, llega el momento de plantearse el futuro. Muchos empresarios en edad<\/p>\n","protected":false},"author":1,"featured_media":201,"comment_status":"closed","ping_status":"closed","sticky":false,"template":"","format":"standard","meta":{"footnotes":""},"categories":[12,11],"tags":[],"class_list":["post-199","post","type-post","status-publish","format-standard","has-post-thumbnail","hentry","category-consultoria","category-jubilacion"],"yoast_head":"<!-- This site is optimized with the Yoast SEO plugin v25.9 - https:\/\/yoast.com\/wordpress\/plugins\/seo\/ -->\n<title>\u00bfEst\u00e1s pr\u00f3ximo a la jubilaci\u00f3n y quieres vender tu empresa? - Blog de Artia Consultores<\/title>\n<meta name=\"robots\" content=\"index, follow, max-snippet:-1, max-image-preview:large, max-video-preview:-1\" \/>\n<link rel=\"canonical\" href=\"https:\/\/www.artiaconsultores.com\/blog\/estas-proximo-a-la-jubilacion-y-quieres-vender-tu-empresa\/\" \/>\n<meta property=\"og:locale\" content=\"es_ES\" \/>\n<meta property=\"og:type\" content=\"article\" \/>\n<meta property=\"og:title\" content=\"\u00bfEst\u00e1s pr\u00f3ximo a la jubilaci\u00f3n y quieres vender tu empresa? - Blog de Artia Consultores\" \/>\n<meta property=\"og:description\" content=\"Despu\u00e9s de toda una vida dedicada a construir, consolidar y hacer crecer tu empresa, llega el momento de plantearse el futuro. Muchos empresarios en edad\" \/>\n<meta property=\"og:url\" content=\"https:\/\/www.artiaconsultores.com\/blog\/estas-proximo-a-la-jubilacion-y-quieres-vender-tu-empresa\/\" \/>\n<meta property=\"og:site_name\" content=\"Blog de Artia Consultores\" \/>\n<meta property=\"article:published_time\" content=\"2025-09-19T06:23:19+00:00\" \/>\n<meta property=\"article:modified_time\" content=\"2025-09-19T06:28:45+00:00\" \/>\n<meta property=\"og:image\" content=\"https:\/\/www.artiaconsultores.com\/blog\/wp-content\/uploads\/2025\/09\/jubilacion.jpg\" \/>\n\t<meta property=\"og:image:width\" content=\"1200\" \/>\n\t<meta property=\"og:image:height\" content=\"856\" \/>\n\t<meta property=\"og:image:type\" content=\"image\/jpeg\" \/>\n<meta name=\"author\" content=\"Artiuser2025\" \/>\n<meta name=\"twitter:card\" content=\"summary_large_image\" \/>\n<meta name=\"twitter:label1\" content=\"Escrito por\" \/>\n\t<meta name=\"twitter:data1\" content=\"Artiuser2025\" \/>\n\t<meta name=\"twitter:label2\" content=\"Tiempo de lectura\" \/>\n\t<meta name=\"twitter:data2\" content=\"2 minutos\" \/>\n<script type=\"application\/ld+json\" class=\"yoast-schema-graph\">{\"@context\":\"https:\/\/schema.org\",\"@graph\":[{\"@type\":\"Article\",\"@id\":\"https:\/\/www.artiaconsultores.com\/blog\/estas-proximo-a-la-jubilacion-y-quieres-vender-tu-empresa\/#article\",\"isPartOf\":{\"@id\":\"https:\/\/www.artiaconsultores.com\/blog\/estas-proximo-a-la-jubilacion-y-quieres-vender-tu-empresa\/\"},\"author\":{\"name\":\"Artiuser2025\",\"@id\":\"https:\/\/www.artiaconsultores.com\/blog\/#\/schema\/person\/d8469ce4a896a752772278e87456aeba\"},\"headline\":\"\u00bfEst\u00e1s pr\u00f3ximo a la jubilaci\u00f3n y quieres vender tu empresa?\",\"datePublished\":\"2025-09-19T06:23:19+00:00\",\"dateModified\":\"2025-09-19T06:28:45+00:00\",\"mainEntityOfPage\":{\"@id\":\"https:\/\/www.artiaconsultores.com\/blog\/estas-proximo-a-la-jubilacion-y-quieres-vender-tu-empresa\/\"},\"wordCount\":430,\"publisher\":{\"@id\":\"https:\/\/www.artiaconsultores.com\/blog\/#organization\"},\"image\":{\"@id\":\"https:\/\/www.artiaconsultores.com\/blog\/estas-proximo-a-la-jubilacion-y-quieres-vender-tu-empresa\/#primaryimage\"},\"thumbnailUrl\":\"https:\/\/www.artiaconsultores.com\/blog\/wp-content\/uploads\/2025\/09\/jubilacion.jpg\",\"articleSection\":[\"Consultor\u00eda\",\"Jubilaci\u00f3n\"],\"inLanguage\":\"es\"},{\"@type\":\"WebPage\",\"@id\":\"https:\/\/www.artiaconsultores.com\/blog\/estas-proximo-a-la-jubilacion-y-quieres-vender-tu-empresa\/\",\"url\":\"https:\/\/www.artiaconsultores.com\/blog\/estas-proximo-a-la-jubilacion-y-quieres-vender-tu-empresa\/\",\"name\":\"\u00bfEst\u00e1s pr\u00f3ximo a la jubilaci\u00f3n y quieres vender tu empresa? - Blog de Artia Consultores\",\"isPartOf\":{\"@id\":\"https:\/\/www.artiaconsultores.com\/blog\/#website\"},\"primaryImageOfPage\":{\"@id\":\"https:\/\/www.artiaconsultores.com\/blog\/estas-proximo-a-la-jubilacion-y-quieres-vender-tu-empresa\/#primaryimage\"},\"image\":{\"@id\":\"https:\/\/www.artiaconsultores.com\/blog\/estas-proximo-a-la-jubilacion-y-quieres-vender-tu-empresa\/#primaryimage\"},\"thumbnailUrl\":\"https:\/\/www.artiaconsultores.com\/blog\/wp-content\/uploads\/2025\/09\/jubilacion.jpg\",\"datePublished\":\"2025-09-19T06:23:19+00:00\",\"dateModified\":\"2025-09-19T06:28:45+00:00\",\"breadcrumb\":{\"@id\":\"https:\/\/www.artiaconsultores.com\/blog\/estas-proximo-a-la-jubilacion-y-quieres-vender-tu-empresa\/#breadcrumb\"},\"inLanguage\":\"es\",\"potentialAction\":[{\"@type\":\"ReadAction\",\"target\":[\"https:\/\/www.artiaconsultores.com\/blog\/estas-proximo-a-la-jubilacion-y-quieres-vender-tu-empresa\/\"]}]},{\"@type\":\"ImageObject\",\"inLanguage\":\"es\",\"@id\":\"https:\/\/www.artiaconsultores.com\/blog\/estas-proximo-a-la-jubilacion-y-quieres-vender-tu-empresa\/#primaryimage\",\"url\":\"https:\/\/www.artiaconsultores.com\/blog\/wp-content\/uploads\/2025\/09\/jubilacion.jpg\",\"contentUrl\":\"https:\/\/www.artiaconsultores.com\/blog\/wp-content\/uploads\/2025\/09\/jubilacion.jpg\",\"width\":1200,\"height\":856},{\"@type\":\"BreadcrumbList\",\"@id\":\"https:\/\/www.artiaconsultores.com\/blog\/estas-proximo-a-la-jubilacion-y-quieres-vender-tu-empresa\/#breadcrumb\",\"itemListElement\":[{\"@type\":\"ListItem\",\"position\":1,\"name\":\"Portada\",\"item\":\"https:\/\/www.artiaconsultores.com\/blog\/\"},{\"@type\":\"ListItem\",\"position\":2,\"name\":\"\u00bfEst\u00e1s pr\u00f3ximo a la jubilaci\u00f3n y quieres vender tu empresa?\"}]},{\"@type\":\"WebSite\",\"@id\":\"https:\/\/www.artiaconsultores.com\/blog\/#website\",\"url\":\"https:\/\/www.artiaconsultores.com\/blog\/\",\"name\":\"Blog de Artia Consultores\",\"description\":\"Despacho de profesionales, formado por asesores y abogados, con m\u00e1s de 15 a\u00f1os de experiencia en el asesoramiento y gesti\u00f3n integral de empresas, aut\u00f3nomos y particulares.\",\"publisher\":{\"@id\":\"https:\/\/www.artiaconsultores.com\/blog\/#organization\"},\"potentialAction\":[{\"@type\":\"SearchAction\",\"target\":{\"@type\":\"EntryPoint\",\"urlTemplate\":\"https:\/\/www.artiaconsultores.com\/blog\/?s={search_term_string}\"},\"query-input\":{\"@type\":\"PropertyValueSpecification\",\"valueRequired\":true,\"valueName\":\"search_term_string\"}}],\"inLanguage\":\"es\"},{\"@type\":\"Organization\",\"@id\":\"https:\/\/www.artiaconsultores.com\/blog\/#organization\",\"name\":\"Blog de Artia Consultores\",\"url\":\"https:\/\/www.artiaconsultores.com\/blog\/\",\"logo\":{\"@type\":\"ImageObject\",\"inLanguage\":\"es\",\"@id\":\"https:\/\/www.artiaconsultores.com\/blog\/#\/schema\/logo\/image\/\",\"url\":\"https:\/\/www.artiaconsultores.com\/blog\/wp-content\/uploads\/2025\/09\/logo-artia-1.png\",\"contentUrl\":\"https:\/\/www.artiaconsultores.com\/blog\/wp-content\/uploads\/2025\/09\/logo-artia-1.png\",\"width\":201,\"height\":64,\"caption\":\"Blog de Artia Consultores\"},\"image\":{\"@id\":\"https:\/\/www.artiaconsultores.com\/blog\/#\/schema\/logo\/image\/\"}},{\"@type\":\"Person\",\"@id\":\"https:\/\/www.artiaconsultores.com\/blog\/#\/schema\/person\/d8469ce4a896a752772278e87456aeba\",\"name\":\"Artiuser2025\",\"sameAs\":[\"https:\/\/www.artiaconsultores.com\/blog\"],\"url\":\"https:\/\/www.artiaconsultores.com\/blog\/author\/artiuser2025\/\"}]}<\/script>\n<!-- \/ Yoast SEO plugin. -->","yoast_head_json":{"title":"\u00bfEst\u00e1s pr\u00f3ximo a la jubilaci\u00f3n y quieres vender tu empresa? - Blog de Artia Consultores","robots":{"index":"index","follow":"follow","max-snippet":"max-snippet:-1","max-image-preview":"max-image-preview:large","max-video-preview":"max-video-preview:-1"},"canonical":"https:\/\/www.artiaconsultores.com\/blog\/estas-proximo-a-la-jubilacion-y-quieres-vender-tu-empresa\/","og_locale":"es_ES","og_type":"article","og_title":"\u00bfEst\u00e1s pr\u00f3ximo a la jubilaci\u00f3n y quieres vender tu empresa? - Blog de Artia Consultores","og_description":"Despu\u00e9s de toda una vida dedicada a construir, consolidar y hacer crecer tu empresa, llega el momento de plantearse el futuro. Muchos empresarios en edad","og_url":"https:\/\/www.artiaconsultores.com\/blog\/estas-proximo-a-la-jubilacion-y-quieres-vender-tu-empresa\/","og_site_name":"Blog de Artia Consultores","article_published_time":"2025-09-19T06:23:19+00:00","article_modified_time":"2025-09-19T06:28:45+00:00","og_image":[{"width":1200,"height":856,"url":"https:\/\/www.artiaconsultores.com\/blog\/wp-content\/uploads\/2025\/09\/jubilacion.jpg","type":"image\/jpeg"}],"author":"Artiuser2025","twitter_card":"summary_large_image","twitter_misc":{"Escrito por":"Artiuser2025","Tiempo de lectura":"2 minutos"},"schema":{"@context":"https:\/\/schema.org","@graph":[{"@type":"Article","@id":"https:\/\/www.artiaconsultores.com\/blog\/estas-proximo-a-la-jubilacion-y-quieres-vender-tu-empresa\/#article","isPartOf":{"@id":"https:\/\/www.artiaconsultores.com\/blog\/estas-proximo-a-la-jubilacion-y-quieres-vender-tu-empresa\/"},"author":{"name":"Artiuser2025","@id":"https:\/\/www.artiaconsultores.com\/blog\/#\/schema\/person\/d8469ce4a896a752772278e87456aeba"},"headline":"\u00bfEst\u00e1s pr\u00f3ximo a la jubilaci\u00f3n y quieres vender tu empresa?","datePublished":"2025-09-19T06:23:19+00:00","dateModified":"2025-09-19T06:28:45+00:00","mainEntityOfPage":{"@id":"https:\/\/www.artiaconsultores.com\/blog\/estas-proximo-a-la-jubilacion-y-quieres-vender-tu-empresa\/"},"wordCount":430,"publisher":{"@id":"https:\/\/www.artiaconsultores.com\/blog\/#organization"},"image":{"@id":"https:\/\/www.artiaconsultores.com\/blog\/estas-proximo-a-la-jubilacion-y-quieres-vender-tu-empresa\/#primaryimage"},"thumbnailUrl":"https:\/\/www.artiaconsultores.com\/blog\/wp-content\/uploads\/2025\/09\/jubilacion.jpg","articleSection":["Consultor\u00eda","Jubilaci\u00f3n"],"inLanguage":"es"},{"@type":"WebPage","@id":"https:\/\/www.artiaconsultores.com\/blog\/estas-proximo-a-la-jubilacion-y-quieres-vender-tu-empresa\/","url":"https:\/\/www.artiaconsultores.com\/blog\/estas-proximo-a-la-jubilacion-y-quieres-vender-tu-empresa\/","name":"\u00bfEst\u00e1s pr\u00f3ximo a la jubilaci\u00f3n y quieres vender tu empresa? - Blog de Artia Consultores","isPartOf":{"@id":"https:\/\/www.artiaconsultores.com\/blog\/#website"},"primaryImageOfPage":{"@id":"https:\/\/www.artiaconsultores.com\/blog\/estas-proximo-a-la-jubilacion-y-quieres-vender-tu-empresa\/#primaryimage"},"image":{"@id":"https:\/\/www.artiaconsultores.com\/blog\/estas-proximo-a-la-jubilacion-y-quieres-vender-tu-empresa\/#primaryimage"},"thumbnailUrl":"https:\/\/www.artiaconsultores.com\/blog\/wp-content\/uploads\/2025\/09\/jubilacion.jpg","datePublished":"2025-09-19T06:23:19+00:00","dateModified":"2025-09-19T06:28:45+00:00","breadcrumb":{"@id":"https:\/\/www.artiaconsultores.com\/blog\/estas-proximo-a-la-jubilacion-y-quieres-vender-tu-empresa\/#breadcrumb"},"inLanguage":"es","potentialAction":[{"@type":"ReadAction","target":["https:\/\/www.artiaconsultores.com\/blog\/estas-proximo-a-la-jubilacion-y-quieres-vender-tu-empresa\/"]}]},{"@type":"ImageObject","inLanguage":"es","@id":"https:\/\/www.artiaconsultores.com\/blog\/estas-proximo-a-la-jubilacion-y-quieres-vender-tu-empresa\/#primaryimage","url":"https:\/\/www.artiaconsultores.com\/blog\/wp-content\/uploads\/2025\/09\/jubilacion.jpg","contentUrl":"https:\/\/www.artiaconsultores.com\/blog\/wp-content\/uploads\/2025\/09\/jubilacion.jpg","width":1200,"height":856},{"@type":"BreadcrumbList","@id":"https:\/\/www.artiaconsultores.com\/blog\/estas-proximo-a-la-jubilacion-y-quieres-vender-tu-empresa\/#breadcrumb","itemListElement":[{"@type":"ListItem","position":1,"name":"Portada","item":"https:\/\/www.artiaconsultores.com\/blog\/"},{"@type":"ListItem","position":2,"name":"\u00bfEst\u00e1s pr\u00f3ximo a la jubilaci\u00f3n y quieres vender tu empresa?"}]},{"@type":"WebSite","@id":"https:\/\/www.artiaconsultores.com\/blog\/#website","url":"https:\/\/www.artiaconsultores.com\/blog\/","name":"Blog de Artia Consultores","description":"Despacho de profesionales, formado por asesores y abogados, con m\u00e1s de 15 a\u00f1os de experiencia en el asesoramiento y gesti\u00f3n integral de empresas, aut\u00f3nomos y particulares.","publisher":{"@id":"https:\/\/www.artiaconsultores.com\/blog\/#organization"},"potentialAction":[{"@type":"SearchAction","target":{"@type":"EntryPoint","urlTemplate":"https:\/\/www.artiaconsultores.com\/blog\/?s={search_term_string}"},"query-input":{"@type":"PropertyValueSpecification","valueRequired":true,"valueName":"search_term_string"}}],"inLanguage":"es"},{"@type":"Organization","@id":"https:\/\/www.artiaconsultores.com\/blog\/#organization","name":"Blog de Artia Consultores","url":"https:\/\/www.artiaconsultores.com\/blog\/","logo":{"@type":"ImageObject","inLanguage":"es","@id":"https:\/\/www.artiaconsultores.com\/blog\/#\/schema\/logo\/image\/","url":"https:\/\/www.artiaconsultores.com\/blog\/wp-content\/uploads\/2025\/09\/logo-artia-1.png","contentUrl":"https:\/\/www.artiaconsultores.com\/blog\/wp-content\/uploads\/2025\/09\/logo-artia-1.png","width":201,"height":64,"caption":"Blog de Artia Consultores"},"image":{"@id":"https:\/\/www.artiaconsultores.com\/blog\/#\/schema\/logo\/image\/"}},{"@type":"Person","@id":"https:\/\/www.artiaconsultores.com\/blog\/#\/schema\/person\/d8469ce4a896a752772278e87456aeba","name":"Artiuser2025","sameAs":["https:\/\/www.artiaconsultores.com\/blog"],"url":"https:\/\/www.artiaconsultores.com\/blog\/author\/artiuser2025\/"}]}},"_links":{"self":[{"href":"https:\/\/www.artiaconsultores.com\/blog\/wp-json\/wp\/v2\/posts\/199","targetHints":{"allow":["GET"]}}],"collection":[{"href":"https:\/\/www.artiaconsultores.com\/blog\/wp-json\/wp\/v2\/posts"}],"about":[{"href":"https:\/\/www.artiaconsultores.com\/blog\/wp-json\/wp\/v2\/types\/post"}],"author":[{"embeddable":true,"href":"https:\/\/www.artiaconsultores.com\/blog\/wp-json\/wp\/v2\/users\/1"}],"replies":[{"embeddable":true,"href":"https:\/\/www.artiaconsultores.com\/blog\/wp-json\/wp\/v2\/comments?post=199"}],"version-history":[{"count":1,"href":"https:\/\/www.artiaconsultores.com\/blog\/wp-json\/wp\/v2\/posts\/199\/revisions"}],"predecessor-version":[{"id":200,"href":"https:\/\/www.artiaconsultores.com\/blog\/wp-json\/wp\/v2\/posts\/199\/revisions\/200"}],"wp:featuredmedia":[{"embeddable":true,"href":"https:\/\/www.artiaconsultores.com\/blog\/wp-json\/wp\/v2\/media\/201"}],"wp:attachment":[{"href":"https:\/\/www.artiaconsultores.com\/blog\/wp-json\/wp\/v2\/media?parent=199"}],"wp:term":[{"taxonomy":"category","embeddable":true,"href":"https:\/\/www.artiaconsultores.com\/blog\/wp-json\/wp\/v2\/categories?post=199"},{"taxonomy":"post_tag","embeddable":true,"href":"https:\/\/www.artiaconsultores.com\/blog\/wp-json\/wp\/v2\/tags?post=199"}],"curies":[{"name":"wp","href":"https:\/\/api.w.org\/{rel}","templated":true}]}}